{"id":4490,"date":"2021-09-24T06:59:59","date_gmt":"2021-09-24T06:59:59","guid":{"rendered":"https:\/\/praca.nowiny.pl\/news\/?p=4490"},"modified":"2021-09-24T07:00:01","modified_gmt":"2021-09-24T07:00:01","slug":"firmy-nie-inwestuja-w-narzedzia-wspierajace-prace-zdalna-i-hybrydowa","status":"publish","type":"post","link":"https:\/\/praca.nowiny.pl\/news\/firmy-nie-inwestuja-w-narzedzia-wspierajace-prace-zdalna-i-hybrydowa\/","title":{"rendered":"Firmy nie inwestuj\u0105 w narz\u0119dzia wspieraj\u0105ce prac\u0119 zdaln\u0105 i hybrydow\u0105"},"content":{"rendered":"\n<p><strong>Podczas pandemii zaledwie 36% europejskich firm zainwestowa\u0142o w technologie wspieraj\u0105ce prac\u0119 zdaln\u0105 &#8211; wynika z bada\u0144 zrealizowanych na zlecenie Ricoh. Dzieje si\u0119 tak pomimo du\u017cej \u015bwiadomo\u015bci korzy\u015bci p\u0142yn\u0105cych z wdro\u017cenia np. rozwi\u0105za\u0144 pozwalaj\u0105cych na cyfryzacj\u0119 i automatyzacj\u0119 wielu zada\u0144. Ich pozytywny wp\u0142yw na wzrost efektywno\u015bci widzi a\u017c 53% ankietowanych pracodawc\u00f3w.<\/strong><\/p>\n\n\n\n<h3 class=\"wp-block-heading\"><strong>Ile czasu pracownicy po\u015bwi\u0119caj\u0105 na realizacj\u0119 kluczowych zada\u0144?<\/strong><\/h3>\n\n\n\n<p>A\u017c 69% pracodawc\u00f3w jest przekonana, \u017ce ich podw\u0142adni na kluczowe obowi\u0105zki po\u015bwi\u0119caj\u0105 180 minut ka\u017cdego dnia pracy. Inaczej wygl\u0105daj\u0105 deklaracje pracownik\u00f3w, kt\u00f3rzy w przeprowadzonym w marcu tego roku badaniu, wskazywali, \u017ce s\u0105 to zaledwie 73 minuty. Lwi\u0105 cz\u0119\u015b\u0107 pozosta\u0142ego czasu pracy poch\u0142aniaj\u0105 mniej istotne obowi\u0105zki i spotkania. Wprowadzenie rozwi\u0105za\u0144 z zakresu cyfryzacji i automatyzacji to recepta na uwolnienie pracownik\u00f3w od wielu \u017cmudnych i nieefektywnych zada\u0144.<\/p>\n\n\n\n<p>Brak inwestycji w konieczne rozwi\u0105zania technologiczne wp\u0142ywa negatywnie na efektywno\u015b\u0107 pracy i zaanga\u017cowanie. Jest to szczeg\u00f3lnie widoczne, gdy praca odbywa si\u0119 w modelu zdalnym i hybrydowym. Zmiany w sposobie pracy wydaj\u0105 si\u0119 by\u0107 nieuniknione. Jedynie 27% przedstawicieli kadry zarz\u0105dzaj\u0105cej wierzy w to, \u017ce ich firma w ci\u0105gu najbli\u017cszych 12 miesi\u0119cy powr\u00f3ci do w pe\u0142ni stacjonarnego modelu.<\/p>\n\n\n\n<blockquote class=\"wp-block-quote is-layout-flow wp-block-quote-is-layout-flow\"><p>Pracodawcy nadal bardzo mocno ceni\u0105 wsp\u00f3ln\u0105 prac\u0119 w biurze, a\u017c 54% wskazuje j\u0105 jako kluczow\u0105 dla sukcesu firmy. To prawda, \u017ce spo\u0142eczny aspekt pracy ma ogromne znaczenie, ale firmy nie mog\u0105 pozostawa\u0107 \u015blepe na nowe oczekiwania pracownik\u00f3w i trendy. Praca hybrydowa jest faktem i wymaga odpowiednich narz\u0119dzi. Nowe rozwi\u0105zania technologiczne to konieczne elementy do budowania efektywnego i przyjaznego \u015brodowiska pracy \u2013 powiedzia\u0142 David Mills, CEO, Ricoh Europe.<\/p><\/blockquote>\n\n\n\n<h3 class=\"wp-block-heading\"><strong>O badaniu<\/strong><\/h3>\n\n\n\n<p>Badanie przeprowadzono na pr\u00f3bie 1500 os\u00f3b na stanowiskach decyzyjnych w europejskich firmach.<\/p>\n\n\n\n<p class=\"has-text-align-right\"><em>\u0179r\u00f3d\u0142o: www.ricoh.pl<\/em><\/p>\n","protected":false},"excerpt":{"rendered":"<p>Podczas pandemii zaledwie 36% europejskich firm zainwestowa\u0142o w technologie wspieraj\u0105ce prac\u0119 zdaln\u0105 &#8211; wynika z bada\u0144 zrealizowanych na zlecenie Ricoh. Dzieje si\u0119 tak pomimo du\u017cej \u015bwiadomo\u015bci korzy\u015bci p\u0142yn\u0105cych z wdro\u017cenia np. rozwi\u0105za\u0144 pozwalaj\u0105cych na cyfryzacj\u0119 i automatyzacj\u0119 wielu zada\u0144. Ich pozytywny wp\u0142yw na wzrost efektywno\u015bci widzi a\u017c 53% ankietowanych pracodawc\u00f3w. Ile czasu pracownicy po\u015bwi\u0119caj\u0105 na [&hellip;]<\/p>\n","protected":false},"author":4,"featured_media":4491,"comment_status":"closed","ping_status":"closed","sticky":false,"template":"","format":"standard","meta":{"_et_pb_use_builder":"off","_et_pb_old_content":"","_et_gb_content_width":"","footnotes":""},"categories":[205],"tags":[569,459,332,930],"class_list":["post-4490","post","type-post","status-publish","format-standard","has-post-thumbnail","hentry","category-praca-w-regionie","tag-home-office","tag-praca-zdalna","tag-rynek-pracy","tag-technologie-wspierajace-prace-zdalna"],"_links":{"self":[{"href":"https:\/\/praca.nowiny.pl\/news\/wp-json\/wp\/v2\/posts\/4490","targetHints":{"allow":["GET"]}}],"collection":[{"href":"https:\/\/praca.nowiny.pl\/news\/wp-json\/wp\/v2\/posts"}],"about":[{"href":"https:\/\/praca.nowiny.pl\/news\/wp-json\/wp\/v2\/types\/post"}],"author":[{"embeddable":true,"href":"https:\/\/praca.nowiny.pl\/news\/wp-json\/wp\/v2\/users\/4"}],"replies":[{"embeddable":true,"href":"https:\/\/praca.nowiny.pl\/news\/wp-json\/wp\/v2\/comments?post=4490"}],"version-history":[{"count":1,"href":"https:\/\/praca.nowiny.pl\/news\/wp-json\/wp\/v2\/posts\/4490\/revisions"}],"predecessor-version":[{"id":4492,"href":"https:\/\/praca.nowiny.pl\/news\/wp-json\/wp\/v2\/posts\/4490\/revisions\/4492"}],"wp:featuredmedia":[{"embeddable":true,"href":"https:\/\/praca.nowiny.pl\/news\/wp-json\/wp\/v2\/media\/4491"}],"wp:attachment":[{"href":"https:\/\/praca.nowiny.pl\/news\/wp-json\/wp\/v2\/media?parent=4490"}],"wp:term":[{"taxonomy":"category","embeddable":true,"href":"https:\/\/praca.nowiny.pl\/news\/wp-json\/wp\/v2\/categories?post=4490"},{"taxonomy":"post_tag","embeddable":true,"href":"https:\/\/praca.nowiny.pl\/news\/wp-json\/wp\/v2\/tags?post=4490"}],"curies":[{"name":"wp","href":"https:\/\/api.w.org\/{rel}","templated":true}]}}