{"id":5391,"date":"2022-02-07T09:49:00","date_gmt":"2022-02-07T09:49:00","guid":{"rendered":"https:\/\/praca.nowiny.pl\/news\/?p=5391"},"modified":"2022-02-10T09:54:50","modified_gmt":"2022-02-10T09:54:50","slug":"soczewki-miesieczne-jak-poprawnie-ich-uzywac","status":"publish","type":"post","link":"https:\/\/praca.nowiny.pl\/news\/soczewki-miesieczne-jak-poprawnie-ich-uzywac\/","title":{"rendered":"Soczewki miesi\u0119czne \u2013 jak poprawnie ich u\u017cywa\u0107?"},"content":{"rendered":"\n<p>Miesi\u0119czne soczewki kontaktowe to jedna z najch\u0119tniej wybieranych opcji. S\u0105 bardzo wygodne w u\u017cytkowaniu, a jednocze\u015bnie op\u0142acalne ekonomicznie. Aby jednak zachowa\u0142y swoje w\u0142a\u015bciwo\u015bci przez ca\u0142y miesi\u0105c, konieczna jest odpowiednia piel\u0119gnacja. Zobacz, jak u\u017cywa\u0107 miesi\u0119cznych szkie\u0142 kontaktowych.<\/p>\n\n\n\n<h2 class=\"wp-block-heading\" id=\"soczewki-miesieczne\">Soczewki miesi\u0119czne<\/h2>\n\n\n\n<p><a href=\"https:\/\/soczewki24.pl\/soczewki-kontaktowe\/tryb-noszenia-soczewek-kontaktowych\/soczewki-miesieczne\"><strong>Soczewki miesi\u0119czne<\/strong><\/a>&nbsp;charakteryzuj\u0105 si\u0119 tym, \u017ce mo\u017cna je u\u017cytkowa\u0107 przez 30 dni. Dost\u0119pne s\u0105 w dw\u00f3ch trybach noszenia: dziennym i ci\u0105g\u0142ym. W pierwszym przypadku nale\u017cy je zdejmowa\u0107 na noc. Natomiast w drugim przypadku dopuszczalne jest spanie w szk\u0142ach kontaktowych, poniewa\u017c s\u0105 one wykonane ze specjalnego materia\u0142u o wysokim wska\u017aniku przepuszczalno\u015bci tlenu. Bez wzgl\u0119du na tryb noszenia, soczewki miesi\u0119czne wymagaj\u0105 odpowiedniej piel\u0119gnacji i zachowania zasad higieny. W przeciwnym razie trac\u0105 swoje w\u0142a\u015bciwo\u015bci. Pojawia si\u0119 dyskomfort w trakcie ich u\u017cytkowania, a tak\u017ce wzrasta ryzyko infekcji oka.<\/p>\n\n\n\n<h2 class=\"wp-block-heading\" id=\"higiena-w-czasie-uzytkowania-soczewek\">Higiena w czasie u\u017cytkowania soczewek<\/h2>\n\n\n\n<p>Zachowanie odpowiedniej higieny w czasie u\u017cytkowania soczewek kontaktowych zapobiega przedostawaniu si\u0119 drobnoustroj\u00f3w do narz\u0105du wzroku. Konieczne jest cz\u0119ste mycie r\u0105k \u2013 zw\u0142aszcza po powrocie z zewn\u0105trz. W przypadku braku dost\u0119pu do wody i myd\u0142a, mo\u017cna korzysta\u0107 ze \u015brodk\u00f3w do dezynfekcji na bazie alkoholu. Nale\u017cy r\u00f3wnie\u017c unika\u0107 dotykania r\u0119kami okolicy oczu oraz pocierania powiek. Osoby, kt\u00f3re odczuwaj\u0105 nadmierne przesuszenie oka, powinny stosowa\u0107 krople nawil\u017caj\u0105ce.<\/p>\n\n\n\n<p>Higiena dotyczy tak\u017ce pojemnika do przechowywania soczewek. Po wyj\u0119ciu z niego szkie\u0142 kontaktowych nale\u017cy wyla\u0107 z niego pozosta\u0142y p\u0142yn, a nast\u0119pnie wla\u0107 kilka kropli \u015bwie\u017cej porcji oraz dok\u0142adnie przemy\u0107 \u015bcianki i dno palcem wskazuj\u0105cym. Na koniec trzeba ustawi\u0107 go do g\u00f3ry dnem i pozostawi\u0107 do wyschni\u0119cia. Pojemnik na soczewki trzeba regularnie wymienia\u0107 \u2013 najlepiej raz na 30 dni (maksymalnie co 90 dni).<\/p>\n\n\n\n<h2 class=\"wp-block-heading\" id=\"pielegnacja-soczewek-miesiecznych\">Piel\u0119gnacja soczewek miesi\u0119cznych<\/h2>\n\n\n\n<p>Piel\u0119gnacja soczewek kontaktowych nie jest trudna. Polega ona na codziennym czyszczeniu i dezynfekowaniu ich powierzchni. Czynno\u015bci te trzeba przeprowadza\u0107 dwa razy dziennie \u2013 rano i wieczorem. Do czyszczenia i dezynfekcji s\u0142u\u017cy p\u0142yn, kt\u00f3ry mo\u017cna kupi\u0107 w sklepie optycznym. Konieczne jest dopasowanie go do rodzaju soczewek (szczeg\u00f3lnie materia\u0142u, z kt\u00f3rego s\u0105 wykonane).<\/p>\n\n\n\n<h2 class=\"wp-block-heading\" id=\"soczewki-kontaktowe-a-makijaz\">Soczewki kontaktowe a makija\u017c<\/h2>\n\n\n\n<p>Soczewki kontaktowe nie wykluczaj\u0105 noszenia makija\u017cu. Trzeba jednak pami\u0119ta\u0107, aby wykonywa\u0107 go dopiero po za\u0142o\u017ceniu szkie\u0142. Odwrotnie jest w przypadku demakija\u017cu. Najpierw nale\u017cy zdj\u0105\u0107 soczewki, a nast\u0119pnie zmy\u0107 makija\u017c.<\/p>\n\n\n\n<p><\/p>\n","protected":false},"excerpt":{"rendered":"<p>Miesi\u0119czne soczewki kontaktowe to jedna z najch\u0119tniej wybieranych opcji. S\u0105 bardzo wygodne w u\u017cytkowaniu, a jednocze\u015bnie op\u0142acalne ekonomicznie. Aby jednak zachowa\u0142y swoje w\u0142a\u015bciwo\u015bci przez ca\u0142y miesi\u0105c, konieczna jest odpowiednia piel\u0119gnacja. Zobacz, jak u\u017cywa\u0107 miesi\u0119cznych szkie\u0142 kontaktowych. Soczewki miesi\u0119czne Soczewki miesi\u0119czne&nbsp;charakteryzuj\u0105 si\u0119 tym, \u017ce mo\u017cna je u\u017cytkowa\u0107 przez 30 dni. Dost\u0119pne s\u0105 w dw\u00f3ch trybach noszenia: [&hellip;]<\/p>\n","protected":false},"author":4,"featured_media":5392,"comment_status":"closed","ping_status":"closed","sticky":false,"template":"","format":"standard","meta":{"_et_pb_use_builder":"off","_et_pb_old_content":"","_et_gb_content_width":"","footnotes":""},"categories":[442],"tags":[],"class_list":["post-5391","post","type-post","status-publish","format-standard","has-post-thumbnail","hentry","category-artykul-zewnetrzny"],"_links":{"self":[{"href":"https:\/\/praca.nowiny.pl\/news\/wp-json\/wp\/v2\/posts\/5391","targetHints":{"allow":["GET"]}}],"collection":[{"href":"https:\/\/praca.nowiny.pl\/news\/wp-json\/wp\/v2\/posts"}],"about":[{"href":"https:\/\/praca.nowiny.pl\/news\/wp-json\/wp\/v2\/types\/post"}],"author":[{"embeddable":true,"href":"https:\/\/praca.nowiny.pl\/news\/wp-json\/wp\/v2\/users\/4"}],"replies":[{"embeddable":true,"href":"https:\/\/praca.nowiny.pl\/news\/wp-json\/wp\/v2\/comments?post=5391"}],"version-history":[{"count":1,"href":"https:\/\/praca.nowiny.pl\/news\/wp-json\/wp\/v2\/posts\/5391\/revisions"}],"predecessor-version":[{"id":5393,"href":"https:\/\/praca.nowiny.pl\/news\/wp-json\/wp\/v2\/posts\/5391\/revisions\/5393"}],"wp:featuredmedia":[{"embeddable":true,"href":"https:\/\/praca.nowiny.pl\/news\/wp-json\/wp\/v2\/media\/5392"}],"wp:attachment":[{"href":"https:\/\/praca.nowiny.pl\/news\/wp-json\/wp\/v2\/media?parent=5391"}],"wp:term":[{"taxonomy":"category","embeddable":true,"href":"https:\/\/praca.nowiny.pl\/news\/wp-json\/wp\/v2\/categories?post=5391"},{"taxonomy":"post_tag","embeddable":true,"href":"https:\/\/praca.nowiny.pl\/news\/wp-json\/wp\/v2\/tags?post=5391"}],"curies":[{"name":"wp","href":"https:\/\/api.w.org\/{rel}","templated":true}]}}