{"id":6403,"date":"2023-11-20T11:14:59","date_gmt":"2023-11-20T11:14:59","guid":{"rendered":"https:\/\/praca.nowiny.pl\/news\/?p=6403"},"modified":"2023-11-20T11:15:02","modified_gmt":"2023-11-20T11:15:02","slug":"35-pracodawcow-branzy-transportu-logistyki-i-motoryzacji-chce-zwiekszac-zatrudnienie-a-17-firm-mysli-o-zwolnieniach","status":"publish","type":"post","link":"https:\/\/praca.nowiny.pl\/news\/35-pracodawcow-branzy-transportu-logistyki-i-motoryzacji-chce-zwiekszac-zatrudnienie-a-17-firm-mysli-o-zwolnieniach\/","title":{"rendered":"35% pracodawc\u00f3w bran\u017cy transportu, logistyki i motoryzacji chce zwi\u0119ksza\u0107 zatrudnienie, a 17% firm my\u015bli o zwolnieniach"},"content":{"rendered":"\n<p><strong>Obszar transportu, logistyki i motoryzacji rozwija si\u0119 w Polsce w ostatnim czasie bardzo dynamicznie. Od pa\u017adziernika do ko\u0144ca grudnia 35% firm tego sektora chce zatrudnia\u0107 nowych pracownik\u00f3w, zmniejszenie liczby etat\u00f3w przewiduje 17% organizacji, a jedynie 2% pracodawc\u00f3w nie zna plan\u00f3w rekrutacyjnych na najbli\u017cszy czas. Niemal po\u0142owa przedsi\u0119biorc\u00f3w (46%) nie planuje \u017cadnych zmian w strukturach zatrudnienia. Takie dane p\u0142yn\u0105 z najnowszego raportu, w ramach kt\u00f3rego firmy zdradzaj\u0105 swoje plany rekrutacyjne na IV kwarta\u0142 tego roku.\u00a0<\/strong><\/p>\n\n\n\n<p><br>Raport \u201eBarometr ManpowerGroup Perspektyw Zatrudnienia\u201d pokazuje, \u017ce w czwartym kwartale 2023 roku plany rekrutacyjne pracodawc\u00f3w bran\u017cy transportu, logistyki i motoryzacji s\u0105 optymistyczne \u2013 prognoza netto zatrudnienia, b\u0119d\u0105ca barometrem rynku pracy i pokazuj\u0105ca plany firm zwi\u0105zane z pozyskiwaniem nowych kadr, wynosi tutaj bowiem +18%. Oznacza to, \u017ce firmy planuj\u0105 wzmacnianie swoich zespo\u0142\u00f3w. Obszar ten odnotowa\u0142 jedn\u0105 z najwy\u017cszych prognoz netto zatrudnienia spo\u015br\u00f3d 8 analizowanych sektor\u00f3w, a jego wska\u017anik wzr\u00f3s\u0142 o 21 punkt\u00f3w procentowych w por\u00f3wnaniu do III kwarta\u0142u 2023 roku, a tak\u017ce o 18 punkt\u00f3w procentowych w uj\u0119ciu rocznym.<\/p>\n\n\n\n<p><strong>Zdaniem Przemys\u0142awa Sienkiewicza, eksperta rynku pracy z ramienia ManpowerGroup, wysoka prognoza netto zatrudnienia na nadchodz\u0105cy kwarta\u0142 dla sektora transportu, logistyki i motoryzacji jest wynikiem sezonowo\u015bci tej bran\u017cy w ostatnim kwartale roku, ale tak\u017ce utrzymuj\u0105cym si\u0119 dobrym trendem inwestycji w sektorze magazynowania.\u00a0<\/strong><\/p>\n\n\n\n<blockquote class=\"wp-block-quote is-layout-flow wp-block-quote-is-layout-flow\"><p>Najwy\u017csze prognozy zatrudnienia przewidujemy w Polsce centralnej, kt\u00f3ra jest obszarem o najwi\u0119kszych powierzchniach magazynowo logistycznych w naszym kraju. Dla kandydat\u00f3w, ka\u017cdy wzrost plan\u00f3w zatrudnienia na nadchodz\u0105cy kwarta\u0142 oznacza wi\u0119cej ofert pracy. Dla pracownik\u00f3w bran\u017cy transportu, logistyki i motoryzacji to r\u00f3wnie\u017c sygna\u0142 o wi\u0119kszych mo\u017cliwo\u015bciach rozwoju zawodowego, mog\u0105 oni bowiem szuka\u0107 awans\u00f3w czy nowych wyzwa\u0144 w swojej karierze \u2013\u00a0m\u00f3wi ekspert i dodaje, \u017ce w nadchodz\u0105cych miesi\u0105cach pracodawcy mog\u0105 odczu\u0107 zwi\u0119kszon\u0105 rywalizacj\u0119 o talenty, bowiem pozytywne prognozy rekrutacyjne to dla firm konieczno\u015b\u0107 zapewnienia bardziej konkurencyjnych ofert i warunk\u00f3w wsp\u00f3\u0142pracy.<\/p><\/blockquote>\n\n\n\n<blockquote class=\"wp-block-quote is-layout-flow wp-block-quote-is-layout-flow\"><p>Przedsi\u0119biorstwa mog\u0105 zwi\u0119ksza\u0107 p\u0142ace, oferowa\u0107 dodatkowe benefity oraz inwestowa\u0107 w rozw\u00f3j pracownik\u00f3w. Taka sytuacja umo\u017cliwia zar\u00f3wno kandydatom, jak i pracownikom negocjacj\u0119 warunk\u00f3w zatrudnienia, w tym tak\u017ce wy\u017cszego wynagrodzenia. Pracodawcy natomiast powinni przygotowa\u0107 si\u0119 na czas intensywnej rekrutacji, a inwestowanie w strategie rekrutacyjne i programy rozwoju zawodowego mo\u017ce by\u0107 pomocne w zatrudnieniu oraz zatrzymaniu najlepszych pracownik\u00f3w \u2013\u00a0podkre\u015bla Przemys\u0142aw Sienkiewicz.<\/p><\/blockquote>\n\n\n\n<p>Wed\u0142ug danych Job Market Insights, tylko od pocz\u0105tku lipca do po\u0142owy wrze\u015bnia tego roku w polskiej sieci ukaza\u0142o si\u0119 ponad 60 tysi\u0119cy ofert pracy kierowanych do kandydat\u00f3w logistyki i transportu. Na najwi\u0119cej mo\u017cliwo\u015bci zmiany pracodawcy mogli liczy\u0107 kandydaci z okolic Warszawy, Wroc\u0142awia, Krakowa, Gda\u0144ska, a tak\u017ce Poznania i Katowic. W ostatnich miesi\u0105cach firmy najcz\u0119\u015bciej poszukiwa\u0142y pracownik\u00f3w na stanowiska magazyniera, operatora w\u00f3zka wid\u0142owego, kierowcy, pracownika magazynu, kierowcy z prawem jazdy C+E oraz spedytora mi\u0119dzynarodowego.<\/p>\n\n\n\n<blockquote class=\"wp-block-quote is-layout-flow wp-block-quote-is-layout-flow\"><p>Mo\u017cna zauwa\u017cy\u0107, \u017ce okolice najwi\u0119kszych aglomeracji w Polsce, takich jak w\u0142a\u015bnie Wroc\u0142aw, Warszawa czy Krak\u00f3w odnotowuj\u0105 dynamiczny wzrost powierzchni magazynowo logistycznych. To wynik rozwoju wielu projekt\u00f3w inwestycyjnych, kt\u00f3rych najwi\u0119kszymi najemcami pozostaj\u0105 niezmiennie operatorzy logistyczni. W wymienionych miastach widoczny jest tak\u017ce du\u017cy udzia\u0142 firm charakteryzuj\u0105cych si\u0119 sezonowo\u015bci\u0105 produkcji, co bezpo\u015brednio przek\u0142ada\u0107 si\u0119 b\u0119dzie na zapotrzebowanie na pracownik\u00f3w w sektorze logistyki obs\u0142uguj\u0105cych r\u00f3wnie\u017c sektor przemys\u0142owy \u2013\u00a0m\u00f3wi ekspert.<\/p><\/blockquote>\n\n\n\n<p>Raport ManpowerGroup analizuje r\u00f3wnie\u017c plany rekrutacyjne organizacji w regionie Europy, Bliskiego Wschodu i Afryki (EMEA). Dane pokazuj\u0105, \u017ce pracodawcy bran\u017cy transportu, logistyki i motoryzacji tego obszaru patrz\u0105 na IV kwarta\u0142 tego roku z jeszcze wi\u0119kszym optymizmem ni\u017c polskie przedsi\u0119biorstwa. Prognoza netto zatrudnienia w tym sektorze dla regionu EMEA na pa\u017adziernika do ko\u0144ca grudnia wynosi bowiem +27%: wzmo\u017cone dzia\u0142anie rekrutacyjne planuje 42% organizacji, 15% liczy si\u0119 z konieczno\u015bci\u0105 redukcji etat\u00f3w, a 3% organizacji nie zna plan\u00f3w rekrutacyjnych na nadchodz\u0105ce miesi\u0105ce. 40% pracodawc\u00f3w bran\u017cy transportu, logistyki i motoryzacji EMEA chce pozostawi\u0107 zatrudnienie na niezmienionym poziomie.<\/p>\n\n\n\n<p class=\"has-text-align-right\"><em>\u0179r\u00f3d\u0142o: ManpowerGroup<\/em><\/p>\n\n\n\n<p><\/p>\n","protected":false},"excerpt":{"rendered":"<p>Obszar transportu, logistyki i motoryzacji rozwija si\u0119 w Polsce w ostatnim czasie bardzo dynamicznie. Od pa\u017adziernika do ko\u0144ca grudnia 35% firm tego sektora chce zatrudnia\u0107 nowych pracownik\u00f3w, zmniejszenie liczby etat\u00f3w przewiduje 17% organizacji, a jedynie 2% pracodawc\u00f3w nie zna plan\u00f3w rekrutacyjnych na najbli\u017cszy czas. Niemal po\u0142owa przedsi\u0119biorc\u00f3w (46%) nie planuje \u017cadnych zmian w strukturach zatrudnienia. [&hellip;]<\/p>\n","protected":false},"author":4,"featured_media":6404,"comment_status":"closed","ping_status":"closed","sticky":false,"template":"","format":"standard","meta":{"_et_pb_use_builder":"off","_et_pb_old_content":"","_et_gb_content_width":"","footnotes":""},"categories":[442,205],"tags":[209,332],"class_list":["post-6403","post","type-post","status-publish","format-standard","has-post-thumbnail","hentry","category-artykul-zewnetrzny","category-praca-w-regionie","tag-praca","tag-rynek-pracy"],"_links":{"self":[{"href":"https:\/\/praca.nowiny.pl\/news\/wp-json\/wp\/v2\/posts\/6403","targetHints":{"allow":["GET"]}}],"collection":[{"href":"https:\/\/praca.nowiny.pl\/news\/wp-json\/wp\/v2\/posts"}],"about":[{"href":"https:\/\/praca.nowiny.pl\/news\/wp-json\/wp\/v2\/types\/post"}],"author":[{"embeddable":true,"href":"https:\/\/praca.nowiny.pl\/news\/wp-json\/wp\/v2\/users\/4"}],"replies":[{"embeddable":true,"href":"https:\/\/praca.nowiny.pl\/news\/wp-json\/wp\/v2\/comments?post=6403"}],"version-history":[{"count":1,"href":"https:\/\/praca.nowiny.pl\/news\/wp-json\/wp\/v2\/posts\/6403\/revisions"}],"predecessor-version":[{"id":6405,"href":"https:\/\/praca.nowiny.pl\/news\/wp-json\/wp\/v2\/posts\/6403\/revisions\/6405"}],"wp:featuredmedia":[{"embeddable":true,"href":"https:\/\/praca.nowiny.pl\/news\/wp-json\/wp\/v2\/media\/6404"}],"wp:attachment":[{"href":"https:\/\/praca.nowiny.pl\/news\/wp-json\/wp\/v2\/media?parent=6403"}],"wp:term":[{"taxonomy":"category","embeddable":true,"href":"https:\/\/praca.nowiny.pl\/news\/wp-json\/wp\/v2\/categories?post=6403"},{"taxonomy":"post_tag","embeddable":true,"href":"https:\/\/praca.nowiny.pl\/news\/wp-json\/wp\/v2\/tags?post=6403"}],"curies":[{"name":"wp","href":"https:\/\/api.w.org\/{rel}","templated":true}]}}